{"id":666,"date":"2017-11-01T08:30:00","date_gmt":"2017-11-01T07:30:00","guid":{"rendered":"https:\/\/arcsoumagne.be\/wp\/?p=666"},"modified":"2025-03-19T10:35:09","modified_gmt":"2025-03-19T09:35:09","slug":"nos-traditions","status":"publish","type":"post","link":"https:\/\/arcsoumagne.be\/wp\/nos-traditions\/","title":{"rendered":"Nos traditions"},"content":{"rendered":"<p>En d\u00e9cembre prochain, l\u2019ARC Soumagne organisera pour la trenti\u00e8me fois son traditionnel concert de No\u00ebl. C\u2019est une performance \u00e0 souligner.<\/p>\n<p>Alors qu\u2019il y avait un concert organis\u00e9 par la commune \u00e0 l\u2019\u00e9glise de Soumagne, et d\u2019autres mis sur pied sporadiquement par d\u2019autres associations, seul celui de l\u2019ARC subsiste encore.<\/p>\n<p>Certes, nous ne remplissons pas les \u00e9glises o\u00f9 se tiennent ces concerts, mais le Conseil d\u2019Administration a voulu maintenir cette tradition alors que la f\u00eate de No\u00ebl perd de plus en plus de son sens au sein d\u2019une population plus sensible aux c\u00f4t\u00e9s profanes de la f\u00eate.<\/p>\n<p>D\u00e9j\u00e0, officiellement dans les \u00e9coles, on parle de \u00ab vacances d\u2019hiver \u00bb et plus de \u00ab vacances de No\u00ebl \u00bb. Le P\u00e8re No\u00ebl, invention commerciale am\u00e9ricaine, d\u00e9tr\u00f4ne la cr\u00e8che. Les restaurants organisent des repas somptueux le 24 d\u00e9cembre, soir\u00e9e r\u00e9serv\u00e9e jadis \u00e0 la messe de Minuit.<\/p>\n<p>De plus en plus, la cr\u00e8che est bannie des lieux publics voire des halls priv\u00e9s comme ceux des banques ou des grands magasins.<\/p>\n<p>Il ne m\u2019appartient pas de juger, ni de critiquer. Mais, constatons que cette perte de sens entra\u00eene une perte de rep\u00e8res pour notre humanit\u00e9. Et on voit o\u00f9 cela conduit !<\/p>\n<p>Je vous invite \u00e0 assister, nombreux, \u00e0 notre concert du 8 d\u00e9cembre prochain \u00e0 20 h 00, en la chapelle de Micheroux (voir article dans l\u2019ARC Info).<\/p>\n","protected":false},"excerpt":{"rendered":"<p>En d&eacute;cembre prochain, l&rsquo;ARC Soumagne organisera pour la trenti&egrave;me fois son traditionnel concert de No&euml;l. C&rsquo;est une performance &agrave; souligner. Alors qu&rsquo;il y avait un concert organis&eacute; par la commune &agrave; l&rsquo;&eacute;glise de Soumagne, et d&rsquo;autres mis sur pied sporadiquement par d&rsquo;autres associations, seul celui de l&rsquo;ARC subsiste encore. Certes, nous ne remplissons pas les [&hellip;]<\/p>\n","protected":false},"author":33,"featured_media":755,"comment_status":"closed","ping_status":"closed","sticky":false,"template":"","format":"standard","meta":{"_aifi_custom_prompt":"","footnotes":""},"categories":[1],"tags":[902],"class_list":["post-666","post","type-post","status-publish","format-standard","has-post-thumbnail","hentry","category-billet_d_humeur","tag-jean-mordant"],"_links":{"self":[{"href":"https:\/\/arcsoumagne.be\/wp\/wp-json\/wp\/v2\/posts\/666","targetHints":{"allow":["GET"]}}],"collection":[{"href":"https:\/\/arcsoumagne.be\/wp\/wp-json\/wp\/v2\/posts"}],"about":[{"href":"https:\/\/arcsoumagne.be\/wp\/wp-json\/wp\/v2\/types\/post"}],"author":[{"embeddable":true,"href":"https:\/\/arcsoumagne.be\/wp\/wp-json\/wp\/v2\/users\/33"}],"replies":[{"embeddable":true,"href":"https:\/\/arcsoumagne.be\/wp\/wp-json\/wp\/v2\/comments?post=666"}],"version-history":[{"count":0,"href":"https:\/\/arcsoumagne.be\/wp\/wp-json\/wp\/v2\/posts\/666\/revisions"}],"wp:featuredmedia":[{"embeddable":true,"href":"https:\/\/arcsoumagne.be\/wp\/wp-json\/wp\/v2\/media\/755"}],"wp:attachment":[{"href":"https:\/\/arcsoumagne.be\/wp\/wp-json\/wp\/v2\/media?parent=666"}],"wp:term":[{"taxonomy":"category","embeddable":true,"href":"https:\/\/arcsoumagne.be\/wp\/wp-json\/wp\/v2\/categories?post=666"},{"taxonomy":"post_tag","embeddable":true,"href":"https:\/\/arcsoumagne.be\/wp\/wp-json\/wp\/v2\/tags?post=666"}],"curies":[{"name":"wp","href":"https:\/\/api.w.org\/{rel}","templated":true}]}}