{"id":642,"date":"2018-11-01T08:31:00","date_gmt":"2018-11-01T07:31:00","guid":{"rendered":"https:\/\/arcsoumagne.be\/wp\/?p=642"},"modified":"2025-03-19T10:35:09","modified_gmt":"2025-03-19T09:35:09","slug":"propos-de-saison","status":"publish","type":"post","link":"https:\/\/arcsoumagne.be\/wp\/propos-de-saison\/","title":{"rendered":"Propos de saison"},"content":{"rendered":"<p>En ces premiers jours de novembre, les gens de ma g\u00e9n\u00e9ration se rendent au cimeti\u00e8re pour faire m\u00e9moire de leurs proches d\u00e9c\u00e9d\u00e9s.<\/p>\n<p>Ils nettoient les tombes et les fleurissent. Qu\u2019en sera-t-il dans quelques ann\u00e9es ?<\/p>\n<p>Y aura-t-il encore des tombes ou uniquement de petites plaques comm\u00e9moratives coll\u00e9es sur un marbre au milieu de la pelouse de dispersion des cendres ? Et puis, la Toussaint sera remplac\u00e9e par Halloween venue d\u2019Am\u00e9rique avec le Coca-Cola.<\/p>\n<p>Cela dit, quand je suis dans le cimeti\u00e8re, je me prom\u00e8ne dans les all\u00e9es (envahies d\u2019herbes) et je regarde les inscriptions sur les monuments. Les noms que j\u2019y lis me rappellent des familles qui ont fait la vie du village jadis. Je fais alors un voyage dans le temps et j\u2019imagine comment \u00e9tait leur vie. Certaines inscriptions remontent au XIX\u00e8me si\u00e8cle et je me dis que ces personnes n\u00e9es \u00e0 l\u2019\u00e9poque de Napol\u00e9on ont connu notre premier Roi. Elles auraient pu (mais pas su) assister \u00e0 un concert \u00e0 Vienne o\u00f9 Beethoven dirigeait lui-m\u00eame sa 9\u00e8me symphonie. Formidable, quel voyage !<\/p>\n<p>Chers amis de l\u2019ARC, avec un peu d\u2019imagination, on peut faire de tr\u00e8s beaux voyages en restant pr\u00e8s de son clocher. Mais cela ne doit pas nous priver d\u2019autres voyages que l\u2019ARC vous propose.<\/p>\n<p>Toujours heureux de vous y rencontrer !<\/p>\n","protected":false},"excerpt":{"rendered":"<p>En ces premiers jours de novembre, les gens de ma g&eacute;n&eacute;ration se rendent au cimeti&egrave;re pour faire m&eacute;moire de leurs proches d&eacute;c&eacute;d&eacute;s. Ils nettoient les tombes et les fleurissent. Qu&rsquo;en sera-t-il dans quelques ann&eacute;es ? Y aura-t-il encore des tombes ou uniquement de petites plaques comm&eacute;moratives coll&eacute;es sur un marbre au milieu de la pelouse [&hellip;]<\/p>\n","protected":false},"author":33,"featured_media":766,"comment_status":"closed","ping_status":"closed","sticky":false,"template":"","format":"standard","meta":{"_aifi_custom_prompt":"","footnotes":""},"categories":[1],"tags":[902],"class_list":["post-642","post","type-post","status-publish","format-standard","has-post-thumbnail","hentry","category-billet_d_humeur","tag-jean-mordant"],"_links":{"self":[{"href":"https:\/\/arcsoumagne.be\/wp\/wp-json\/wp\/v2\/posts\/642","targetHints":{"allow":["GET"]}}],"collection":[{"href":"https:\/\/arcsoumagne.be\/wp\/wp-json\/wp\/v2\/posts"}],"about":[{"href":"https:\/\/arcsoumagne.be\/wp\/wp-json\/wp\/v2\/types\/post"}],"author":[{"embeddable":true,"href":"https:\/\/arcsoumagne.be\/wp\/wp-json\/wp\/v2\/users\/33"}],"replies":[{"embeddable":true,"href":"https:\/\/arcsoumagne.be\/wp\/wp-json\/wp\/v2\/comments?post=642"}],"version-history":[{"count":0,"href":"https:\/\/arcsoumagne.be\/wp\/wp-json\/wp\/v2\/posts\/642\/revisions"}],"wp:featuredmedia":[{"embeddable":true,"href":"https:\/\/arcsoumagne.be\/wp\/wp-json\/wp\/v2\/media\/766"}],"wp:attachment":[{"href":"https:\/\/arcsoumagne.be\/wp\/wp-json\/wp\/v2\/media?parent=642"}],"wp:term":[{"taxonomy":"category","embeddable":true,"href":"https:\/\/arcsoumagne.be\/wp\/wp-json\/wp\/v2\/categories?post=642"},{"taxonomy":"post_tag","embeddable":true,"href":"https:\/\/arcsoumagne.be\/wp\/wp-json\/wp\/v2\/tags?post=642"}],"curies":[{"name":"wp","href":"https:\/\/api.w.org\/{rel}","templated":true}]}}