{"id":611,"date":"2020-07-01T07:31:00","date_gmt":"2020-07-01T05:31:00","guid":{"rendered":"https:\/\/arcsoumagne.be\/wp\/?p=611"},"modified":"2025-03-19T10:35:09","modified_gmt":"2025-03-19T09:35:09","slug":"on-va-sen-sortir","status":"publish","type":"post","link":"https:\/\/arcsoumagne.be\/wp\/on-va-sen-sortir\/","title":{"rendered":"On va s\u2019en sortir"},"content":{"rendered":"<p>\u00ab Ils n\u2019en mouraient pas tous, mais tous \u00e9taient frapp\u00e9s ! \u00bb Tel est le constat de cette tr\u00e8s belle fable de Jean de La Fontaine : \u00ab Les animaux malades de la peste. \u00bb<br \/>\nApr\u00e8s ce terrible Coronavirus, nous pourrions peut-\u00eatre tirer la m\u00eame conclusion. Certes, tous n\u2019ont pas \u00e9t\u00e9 touch\u00e9s par la maladie, mais tous ont d\u00fb subir le confinement avec tous les d\u00e9sagr\u00e9ments que cela entra\u00eene. Et l\u00e0 aussi, certains plus forts psychologiquement, mieux entour\u00e9s, mieux log\u00e9s, s\u2019en sont sortis ou plut\u00f4t s\u2019en sortent mieux.<br \/>\nBien s\u00fbr, nous ne crierons pas haro sur qui ce soit.<br \/>\nEsp\u00e9rons que les choses s\u2019am\u00e9liorent et que nous puissions \u00e0 nouveau reprendre nos bonnes (vieilles) habitudes en les actualisant bien entendu.<\/p>\n<p>Quant \u00e0 l\u2019ARC Soumagne, ses activit\u00e9s se sont stopp\u00e9es d\u00e8s le d\u00e9but mars. Des n\u00e9gociations ont eu lieu avec les agences, les offices du tourisme, les autocaristes, les h\u00f4tels avec lesquels nous traitons pour organiser nos activit\u00e9s. Pratiquement tous nous ont envoy\u00e9 des bons \u00e0 valoir, mais ne nous ont pas rembours\u00e9s. Nous avons pu reporter \u00e0 l\u2019ann\u00e9e 2021 les voyages de plusieurs jours, souvent aux m\u00eames moments de l\u2019ann\u00e9e et, esp\u00e9rons-le, aux m\u00eames conditions. Tr\u00e8s heureusement, la plupart des participants ont maintenu leur inscription pour l\u2019ann\u00e9e suivante. Si tel n\u2019avait pas \u00e9t\u00e9 le cas, notre situation financi\u00e8re momentan\u00e9e serait devenue d\u00e9licate. Un tr\u00e8s grand merci pour votre confiance.<\/p>\n<p>Cependant, nous ne repartons pas encore comme avant. Des pr\u00e9cautions doivent encore \u00eatre prises. Aussi avons-nous d\u00e9cid\u00e9 de ne pr\u00e9senter aucune activit\u00e9 ni en juillet, ni en ao\u00fbt.<br \/>\nSi tout se d\u00e9roule comme on l\u2019esp\u00e8re, nous tenterons d\u2019organiser notre barbecue du 1er mai le dimanche 13 septembre : c\u2019est une activit\u00e9 au grand air, chacun s\u2019y rend par ses propres moyens et on n\u2019est pas tenu de s\u2019embrasser comme de jeunes fianc\u00e9s. Ce seront nos premi\u00e8res retrouvailles et j\u2019esp\u00e8re vous y revoir en grand nombre.<\/p>\n<p>Vous trouverez ci-apr\u00e8s le programme pr\u00e9vu pour la fin de cette ann\u00e9e et pour 2021. Des propositions viendront s\u2019ajouter tr\u00e8s certainement (op\u00e9ras, visites\u2026).<\/p>\n<p>Voil\u00e0, chers amis, l\u2019\u00e9tat de la situation de notre association.<\/p>\n<p>Je vous souhaite un tr\u00e8s bon d\u00e9confinement et un tr\u00e8s bel \u00e9t\u00e9.<\/p>\n<p>Restez encore et toujours vigilants.<\/p>\n","protected":false},"excerpt":{"rendered":"<p>&laquo; Ils n&rsquo;en mouraient pas tous, mais tous &eacute;taient frapp&eacute;s ! &raquo; Tel est le constat de cette tr&egrave;s belle fable de Jean de La Fontaine : &laquo; Les animaux malades de la peste. &raquo; Apr&egrave;s ce terrible Coronavirus, nous pourrions peut-&ecirc;tre tirer la m&ecirc;me conclusion. Certes, tous n&rsquo;ont pas &eacute;t&eacute; touch&eacute;s par la maladie, [&hellip;]<\/p>\n","protected":false},"author":33,"featured_media":19008,"comment_status":"closed","ping_status":"closed","sticky":false,"template":"","format":"standard","meta":{"_aifi_custom_prompt":"","footnotes":""},"categories":[1],"tags":[902],"class_list":["post-611","post","type-post","status-publish","format-standard","has-post-thumbnail","hentry","category-billet_d_humeur","tag-jean-mordant"],"_links":{"self":[{"href":"https:\/\/arcsoumagne.be\/wp\/wp-json\/wp\/v2\/posts\/611","targetHints":{"allow":["GET"]}}],"collection":[{"href":"https:\/\/arcsoumagne.be\/wp\/wp-json\/wp\/v2\/posts"}],"about":[{"href":"https:\/\/arcsoumagne.be\/wp\/wp-json\/wp\/v2\/types\/post"}],"author":[{"embeddable":true,"href":"https:\/\/arcsoumagne.be\/wp\/wp-json\/wp\/v2\/users\/33"}],"replies":[{"embeddable":true,"href":"https:\/\/arcsoumagne.be\/wp\/wp-json\/wp\/v2\/comments?post=611"}],"version-history":[{"count":0,"href":"https:\/\/arcsoumagne.be\/wp\/wp-json\/wp\/v2\/posts\/611\/revisions"}],"wp:featuredmedia":[{"embeddable":true,"href":"https:\/\/arcsoumagne.be\/wp\/wp-json\/wp\/v2\/media\/19008"}],"wp:attachment":[{"href":"https:\/\/arcsoumagne.be\/wp\/wp-json\/wp\/v2\/media?parent=611"}],"wp:term":[{"taxonomy":"category","embeddable":true,"href":"https:\/\/arcsoumagne.be\/wp\/wp-json\/wp\/v2\/categories?post=611"},{"taxonomy":"post_tag","embeddable":true,"href":"https:\/\/arcsoumagne.be\/wp\/wp-json\/wp\/v2\/tags?post=611"}],"curies":[{"name":"wp","href":"https:\/\/api.w.org\/{rel}","templated":true}]}}